{"id":95904,"date":"2024-01-08T16:13:07","date_gmt":"2024-01-08T15:13:07","guid":{"rendered":"https:\/\/www.hofmann-naturstein.com\/de\/news\/"},"modified":"2024-01-16T10:25:59","modified_gmt":"2024-01-16T09:25:59","slug":"klimaschonende-fassadenloesung-aus-naturstein-fuer-das-vertikum-in-duesseldorf","status":"publish","type":"post","link":"https:\/\/www.hofmann-naturstein.com\/de\/news\/klimaschonende-fassadenloesung-aus-naturstein-fuer-das-vertikum-in-duesseldorf\/","title":{"rendered":"Klimaschonende Fassadenl\u00f6sung aus Naturstein f\u00fcr das Vertikum in D\u00fcsseldorf"},"content":{"rendered":"<p>Im Herzen von D\u00fcsseldorf ist 2023 ein neues B\u00fcro- und Gesch\u00e4ftshaus auf neun Etagen entstanden. Zwischen Einkaufboulevards, Johanneskirche und Martin-Luther-Platz bietet das Vertikum in zentraler Lage einen Nutzungsmix mit repr\u00e4sentativen L\u00e4den, B\u00fcror\u00e4umen und Dachterrasse. Das markante Geb\u00e4ude vermittelt mit seiner starken Vertikalen einen zeitgem\u00e4\u00dfen New Work Standort im D\u00fcsseldorfer Stadtbild.<br \/>\nVom Sockel bis zur Attika wurde der Fassaden-Ma\u00dfanzug aus Naturstein vom renommierten Architekturb\u00fcro caspar. aus K\u00f6ln entworfen. Die steinerne Geb\u00e4udeh\u00fclle ist als hochw\u00e4rmeged\u00e4mmte, vorgeh\u00e4ngte hinterl\u00fcftete Natursteinfassade (VHF) ausgef\u00fchrt worden.<\/p>\n<p>Der ausgew\u00e4hlte bayerische Kalkstein Jura Poros ist durch verschiedene Oberfl\u00e4chenbearbeitungen in seiner Anmutung von hell-beige bis warmtonig-gelb, je nach Wunsch des Architekten vielseitig wandelbar. Die sandgestrahlten Oberfl\u00e4chen des Vertikums verleihen dem Stein eine elegante und matte Textur. Ein weiterer Blickfang sind massive Rundplatten an den Geb\u00e4udeecken sowie die s-f\u00f6rmig geschnittenen massiven Pfeilerbekleidungen f\u00fcr die Fassade.<\/p>\n<p>Die Verwendung des umweltfreundlichen und zirkul\u00e4ren Baustoffs Naturstein ist eine zeitgem\u00e4\u00dfe Wahl im Sinne des Klimaschutzes. Naturstein hat im direkten Umweltproduktdeklarationen-Vergleich (EPD) den niedrigsten CO2-Fu\u00dfabdruck aller g\u00e4ngigen Fassadenbaumaterialien. Eine sortenreine R\u00fcckbaubarkeit und Wiederverwendbarkeit sind weitere Aspekte, die neben der Anmutung und Sch\u00f6nheit, f\u00fcr eine Natursteinfassade sprechen. Der ausf\u00fchrende Natursteinfassadenspezialist HOFMANN NATURSTEIN hat die Fassade des Vertikums im Detail mit seinem firmeneigenen Ingenieurb\u00fcro f\u00fcr Steinbautechnik geplant, die Fassadenelemente mit 100 % \u00d6kostrom aus dem Natursteinrohblock in den eigenen Werken gefertigt und inklusive Mineralwolld\u00e4mmung und Edelstahlverankerung schl\u00fcsselfertig montiert.<\/p>\n<p>&nbsp;<\/p>\n<p>Architektur: caspar., K\u00f6ln<br \/>\nFotos: H.G. Esch\/ Hofmann Naturstein<\/p>\n","protected":false},"excerpt":{"rendered":"<p>Im Herzen von D\u00fcsseldorf ist 2023 ein neues B\u00fcro- und Gesch\u00e4ftshaus auf neun Etagen entstanden. Zwischen Einkaufboulevards, Johanneskirche und Martin-Luther-Platz bietet das Vertikum in zentraler Lage einen Nutzungsmix mit repr\u00e4sentativen L\u00e4den, B\u00fcror\u00e4umen und Dachterrasse. Das markante Geb\u00e4ude vermittelt mit seiner starken Vertikalen einen zeitgem\u00e4\u00dfen New Work Standort im D\u00fcsseldorfer Stadtbild. Vom Sockel bis zur Attika [&#8230;]<\/p>\n<p><a class=\"btn btn-secondary understrap-read-more-link\" href=\"https:\/\/www.hofmann-naturstein.com\/de\/news\/klimaschonende-fassadenloesung-aus-naturstein-fuer-das-vertikum-in-duesseldorf\/\">Weiterlesen&#8230;<\/a><\/p>\n","protected":false},"author":5,"featured_media":0,"comment_status":"closed","ping_status":"closed","sticky":false,"template":"","format":"standard","meta":{"_acf_changed":false,"footnotes":""},"categories":[1911],"tags":[],"class_list":["post-95904","post","type-post","status-publish","format-standard","hentry","category-news"],"acf":[],"yoast_head":"<!-- This site is optimized with the Yoast SEO plugin v26.5 - https:\/\/yoast.com\/wordpress\/plugins\/seo\/ -->\n<title>Klimaschonende Fassadenl\u00f6sung aus Naturstein f\u00fcr das Vertikum in D\u00fcsseldorf - Vollendete Bauten mit Naturstein von HOFMANN NATURSTEIN<\/title>\n<meta name=\"robots\" content=\"index, follow, max-snippet:-1, max-image-preview:large, max-video-preview:-1\" \/>\n<link rel=\"canonical\" href=\"https:\/\/www.hofmann-naturstein.com\/de\/news\/klimaschonende-fassadenloesung-aus-naturstein-fuer-das-vertikum-in-duesseldorf\/\" \/>\n<meta property=\"og:locale\" content=\"de_DE\" \/>\n<meta property=\"og:type\" content=\"article\" \/>\n<meta property=\"og:title\" content=\"Klimaschonende Fassadenl\u00f6sung aus Naturstein f\u00fcr das Vertikum in D\u00fcsseldorf - Vollendete Bauten mit Naturstein von HOFMANN NATURSTEIN\" \/>\n<meta property=\"og:description\" content=\"Im Herzen von D\u00fcsseldorf ist 2023 ein neues B\u00fcro- und Gesch\u00e4ftshaus auf neun Etagen entstanden. Zwischen Einkaufboulevards, Johanneskirche und Martin-Luther-Platz bietet das Vertikum in zentraler Lage einen Nutzungsmix mit repr\u00e4sentativen L\u00e4den, B\u00fcror\u00e4umen und Dachterrasse. Das markante Geb\u00e4ude vermittelt mit seiner starken Vertikalen einen zeitgem\u00e4\u00dfen New Work Standort im D\u00fcsseldorfer Stadtbild. Vom Sockel bis zur Attika [...]Weiterlesen...\" \/>\n<meta property=\"og:url\" content=\"https:\/\/www.hofmann-naturstein.com\/de\/news\/klimaschonende-fassadenloesung-aus-naturstein-fuer-das-vertikum-in-duesseldorf\/\" \/>\n<meta property=\"og:site_name\" content=\"Vollendete Bauten mit Naturstein von HOFMANN NATURSTEIN\" \/>\n<meta property=\"article:published_time\" content=\"2024-01-08T15:13:07+00:00\" \/>\n<meta property=\"article:modified_time\" content=\"2024-01-16T09:25:59+00:00\" \/>\n<meta name=\"author\" content=\"schaupp\" \/>\n<meta name=\"twitter:card\" content=\"summary_large_image\" \/>\n<meta name=\"twitter:label1\" content=\"Verfasst von\" \/>\n\t<meta name=\"twitter:data1\" content=\"schaupp\" \/>\n\t<meta name=\"twitter:label2\" content=\"Gesch\u00e4tzte Lesezeit\" \/>\n\t<meta name=\"twitter:data2\" content=\"2\u00a0Minuten\" \/>\n<script type=\"application\/ld+json\" class=\"yoast-schema-graph\">{\"@context\":\"https:\/\/schema.org\",\"@graph\":[{\"@type\":\"Article\",\"@id\":\"https:\/\/www.hofmann-naturstein.com\/de\/news\/klimaschonende-fassadenloesung-aus-naturstein-fuer-das-vertikum-in-duesseldorf\/#article\",\"isPartOf\":{\"@id\":\"https:\/\/www.hofmann-naturstein.com\/de\/news\/klimaschonende-fassadenloesung-aus-naturstein-fuer-das-vertikum-in-duesseldorf\/\"},\"author\":{\"name\":\"schaupp\",\"@id\":\"https:\/\/www.hofmann-naturstein.com\/de\/#\/schema\/person\/72820d9ea02b13ffb6cf43e2f555e6f0\"},\"headline\":\"Klimaschonende Fassadenl\u00f6sung aus Naturstein f\u00fcr das Vertikum in D\u00fcsseldorf\",\"datePublished\":\"2024-01-08T15:13:07+00:00\",\"dateModified\":\"2024-01-16T09:25:59+00:00\",\"mainEntityOfPage\":{\"@id\":\"https:\/\/www.hofmann-naturstein.com\/de\/news\/klimaschonende-fassadenloesung-aus-naturstein-fuer-das-vertikum-in-duesseldorf\/\"},\"wordCount\":279,\"publisher\":{\"@id\":\"https:\/\/www.hofmann-naturstein.com\/de\/#organization\"},\"articleSection\":[\"News\"],\"inLanguage\":\"de\"},{\"@type\":\"WebPage\",\"@id\":\"https:\/\/www.hofmann-naturstein.com\/de\/news\/klimaschonende-fassadenloesung-aus-naturstein-fuer-das-vertikum-in-duesseldorf\/\",\"url\":\"https:\/\/www.hofmann-naturstein.com\/de\/news\/klimaschonende-fassadenloesung-aus-naturstein-fuer-das-vertikum-in-duesseldorf\/\",\"name\":\"Klimaschonende Fassadenl\u00f6sung aus Naturstein f\u00fcr das Vertikum in D\u00fcsseldorf - Vollendete Bauten mit Naturstein von HOFMANN NATURSTEIN\",\"isPartOf\":{\"@id\":\"https:\/\/www.hofmann-naturstein.com\/de\/#website\"},\"datePublished\":\"2024-01-08T15:13:07+00:00\",\"dateModified\":\"2024-01-16T09:25:59+00:00\",\"breadcrumb\":{\"@id\":\"https:\/\/www.hofmann-naturstein.com\/de\/news\/klimaschonende-fassadenloesung-aus-naturstein-fuer-das-vertikum-in-duesseldorf\/#breadcrumb\"},\"inLanguage\":\"de\",\"potentialAction\":[{\"@type\":\"ReadAction\",\"target\":[\"https:\/\/www.hofmann-naturstein.com\/de\/news\/klimaschonende-fassadenloesung-aus-naturstein-fuer-das-vertikum-in-duesseldorf\/\"]}]},{\"@type\":\"BreadcrumbList\",\"@id\":\"https:\/\/www.hofmann-naturstein.com\/de\/news\/klimaschonende-fassadenloesung-aus-naturstein-fuer-das-vertikum-in-duesseldorf\/#breadcrumb\",\"itemListElement\":[{\"@type\":\"ListItem\",\"position\":1,\"name\":\"Startseite\",\"item\":\"https:\/\/www.hofmann-naturstein.com\/de\/\"},{\"@type\":\"ListItem\",\"position\":2,\"name\":\"Klimaschonende Fassadenl\u00f6sung aus Naturstein f\u00fcr das Vertikum in D\u00fcsseldorf\"}]},{\"@type\":\"WebSite\",\"@id\":\"https:\/\/www.hofmann-naturstein.com\/de\/#website\",\"url\":\"https:\/\/www.hofmann-naturstein.com\/de\/\",\"name\":\"Vollendete Bauten mit Naturstein von HOFMANN NATURSTEIN\",\"description\":\"\",\"publisher\":{\"@id\":\"https:\/\/www.hofmann-naturstein.com\/de\/#organization\"},\"potentialAction\":[{\"@type\":\"SearchAction\",\"target\":{\"@type\":\"EntryPoint\",\"urlTemplate\":\"https:\/\/www.hofmann-naturstein.com\/de\/?s={search_term_string}\"},\"query-input\":{\"@type\":\"PropertyValueSpecification\",\"valueRequired\":true,\"valueName\":\"search_term_string\"}}],\"inLanguage\":\"de\"},{\"@type\":\"Organization\",\"@id\":\"https:\/\/www.hofmann-naturstein.com\/de\/#organization\",\"name\":\"Vollendete Bauten mit Naturstein von HOFMANN NATURSTEIN\",\"url\":\"https:\/\/www.hofmann-naturstein.com\/de\/\",\"logo\":{\"@type\":\"ImageObject\",\"inLanguage\":\"de\",\"@id\":\"https:\/\/www.hofmann-naturstein.com\/de\/#\/schema\/logo\/image\/\",\"url\":\"https:\/\/www.hofmann-naturstein.com\/wp-content\/uploads\/2019\/11\/cropped-hofmann-naturstein-logo.png\",\"contentUrl\":\"https:\/\/www.hofmann-naturstein.com\/wp-content\/uploads\/2019\/11\/cropped-hofmann-naturstein-logo.png\",\"width\":490,\"height\":146,\"caption\":\"Vollendete Bauten mit Naturstein von HOFMANN NATURSTEIN\"},\"image\":{\"@id\":\"https:\/\/www.hofmann-naturstein.com\/de\/#\/schema\/logo\/image\/\"}},{\"@type\":\"Person\",\"@id\":\"https:\/\/www.hofmann-naturstein.com\/de\/#\/schema\/person\/72820d9ea02b13ffb6cf43e2f555e6f0\",\"name\":\"schaupp\"}]}<\/script>\n<!-- \/ Yoast SEO plugin. -->","yoast_head_json":{"title":"Klimaschonende Fassadenl\u00f6sung aus Naturstein f\u00fcr das Vertikum in D\u00fcsseldorf - Vollendete Bauten mit Naturstein von HOFMANN NATURSTEIN","robots":{"index":"index","follow":"follow","max-snippet":"max-snippet:-1","max-image-preview":"max-image-preview:large","max-video-preview":"max-video-preview:-1"},"canonical":"https:\/\/www.hofmann-naturstein.com\/de\/news\/klimaschonende-fassadenloesung-aus-naturstein-fuer-das-vertikum-in-duesseldorf\/","og_locale":"de_DE","og_type":"article","og_title":"Klimaschonende Fassadenl\u00f6sung aus Naturstein f\u00fcr das Vertikum in D\u00fcsseldorf - Vollendete Bauten mit Naturstein von HOFMANN NATURSTEIN","og_description":"Im Herzen von D\u00fcsseldorf ist 2023 ein neues B\u00fcro- und Gesch\u00e4ftshaus auf neun Etagen entstanden. Zwischen Einkaufboulevards, Johanneskirche und Martin-Luther-Platz bietet das Vertikum in zentraler Lage einen Nutzungsmix mit repr\u00e4sentativen L\u00e4den, B\u00fcror\u00e4umen und Dachterrasse. Das markante Geb\u00e4ude vermittelt mit seiner starken Vertikalen einen zeitgem\u00e4\u00dfen New Work Standort im D\u00fcsseldorfer Stadtbild. Vom Sockel bis zur Attika [...]Weiterlesen...","og_url":"https:\/\/www.hofmann-naturstein.com\/de\/news\/klimaschonende-fassadenloesung-aus-naturstein-fuer-das-vertikum-in-duesseldorf\/","og_site_name":"Vollendete Bauten mit Naturstein von HOFMANN NATURSTEIN","article_published_time":"2024-01-08T15:13:07+00:00","article_modified_time":"2024-01-16T09:25:59+00:00","author":"schaupp","twitter_card":"summary_large_image","twitter_misc":{"Verfasst von":"schaupp","Gesch\u00e4tzte Lesezeit":"2\u00a0Minuten"},"schema":{"@context":"https:\/\/schema.org","@graph":[{"@type":"Article","@id":"https:\/\/www.hofmann-naturstein.com\/de\/news\/klimaschonende-fassadenloesung-aus-naturstein-fuer-das-vertikum-in-duesseldorf\/#article","isPartOf":{"@id":"https:\/\/www.hofmann-naturstein.com\/de\/news\/klimaschonende-fassadenloesung-aus-naturstein-fuer-das-vertikum-in-duesseldorf\/"},"author":{"name":"schaupp","@id":"https:\/\/www.hofmann-naturstein.com\/de\/#\/schema\/person\/72820d9ea02b13ffb6cf43e2f555e6f0"},"headline":"Klimaschonende Fassadenl\u00f6sung aus Naturstein f\u00fcr das Vertikum in D\u00fcsseldorf","datePublished":"2024-01-08T15:13:07+00:00","dateModified":"2024-01-16T09:25:59+00:00","mainEntityOfPage":{"@id":"https:\/\/www.hofmann-naturstein.com\/de\/news\/klimaschonende-fassadenloesung-aus-naturstein-fuer-das-vertikum-in-duesseldorf\/"},"wordCount":279,"publisher":{"@id":"https:\/\/www.hofmann-naturstein.com\/de\/#organization"},"articleSection":["News"],"inLanguage":"de"},{"@type":"WebPage","@id":"https:\/\/www.hofmann-naturstein.com\/de\/news\/klimaschonende-fassadenloesung-aus-naturstein-fuer-das-vertikum-in-duesseldorf\/","url":"https:\/\/www.hofmann-naturstein.com\/de\/news\/klimaschonende-fassadenloesung-aus-naturstein-fuer-das-vertikum-in-duesseldorf\/","name":"Klimaschonende Fassadenl\u00f6sung aus Naturstein f\u00fcr das Vertikum in D\u00fcsseldorf - Vollendete Bauten mit Naturstein von HOFMANN NATURSTEIN","isPartOf":{"@id":"https:\/\/www.hofmann-naturstein.com\/de\/#website"},"datePublished":"2024-01-08T15:13:07+00:00","dateModified":"2024-01-16T09:25:59+00:00","breadcrumb":{"@id":"https:\/\/www.hofmann-naturstein.com\/de\/news\/klimaschonende-fassadenloesung-aus-naturstein-fuer-das-vertikum-in-duesseldorf\/#breadcrumb"},"inLanguage":"de","potentialAction":[{"@type":"ReadAction","target":["https:\/\/www.hofmann-naturstein.com\/de\/news\/klimaschonende-fassadenloesung-aus-naturstein-fuer-das-vertikum-in-duesseldorf\/"]}]},{"@type":"BreadcrumbList","@id":"https:\/\/www.hofmann-naturstein.com\/de\/news\/klimaschonende-fassadenloesung-aus-naturstein-fuer-das-vertikum-in-duesseldorf\/#breadcrumb","itemListElement":[{"@type":"ListItem","position":1,"name":"Startseite","item":"https:\/\/www.hofmann-naturstein.com\/de\/"},{"@type":"ListItem","position":2,"name":"Klimaschonende Fassadenl\u00f6sung aus Naturstein f\u00fcr das Vertikum in D\u00fcsseldorf"}]},{"@type":"WebSite","@id":"https:\/\/www.hofmann-naturstein.com\/de\/#website","url":"https:\/\/www.hofmann-naturstein.com\/de\/","name":"Vollendete Bauten mit Naturstein von HOFMANN NATURSTEIN","description":"","publisher":{"@id":"https:\/\/www.hofmann-naturstein.com\/de\/#organization"},"potentialAction":[{"@type":"SearchAction","target":{"@type":"EntryPoint","urlTemplate":"https:\/\/www.hofmann-naturstein.com\/de\/?s={search_term_string}"},"query-input":{"@type":"PropertyValueSpecification","valueRequired":true,"valueName":"search_term_string"}}],"inLanguage":"de"},{"@type":"Organization","@id":"https:\/\/www.hofmann-naturstein.com\/de\/#organization","name":"Vollendete Bauten mit Naturstein von HOFMANN NATURSTEIN","url":"https:\/\/www.hofmann-naturstein.com\/de\/","logo":{"@type":"ImageObject","inLanguage":"de","@id":"https:\/\/www.hofmann-naturstein.com\/de\/#\/schema\/logo\/image\/","url":"https:\/\/www.hofmann-naturstein.com\/wp-content\/uploads\/2019\/11\/cropped-hofmann-naturstein-logo.png","contentUrl":"https:\/\/www.hofmann-naturstein.com\/wp-content\/uploads\/2019\/11\/cropped-hofmann-naturstein-logo.png","width":490,"height":146,"caption":"Vollendete Bauten mit Naturstein von HOFMANN NATURSTEIN"},"image":{"@id":"https:\/\/www.hofmann-naturstein.com\/de\/#\/schema\/logo\/image\/"}},{"@type":"Person","@id":"https:\/\/www.hofmann-naturstein.com\/de\/#\/schema\/person\/72820d9ea02b13ffb6cf43e2f555e6f0","name":"schaupp"}]}},"_links":{"self":[{"href":"https:\/\/www.hofmann-naturstein.com\/de\/wp-json\/wp\/v2\/posts\/95904","targetHints":{"allow":["GET"]}}],"collection":[{"href":"https:\/\/www.hofmann-naturstein.com\/de\/wp-json\/wp\/v2\/posts"}],"about":[{"href":"https:\/\/www.hofmann-naturstein.com\/de\/wp-json\/wp\/v2\/types\/post"}],"author":[{"embeddable":true,"href":"https:\/\/www.hofmann-naturstein.com\/de\/wp-json\/wp\/v2\/users\/5"}],"replies":[{"embeddable":true,"href":"https:\/\/www.hofmann-naturstein.com\/de\/wp-json\/wp\/v2\/comments?post=95904"}],"version-history":[{"count":6,"href":"https:\/\/www.hofmann-naturstein.com\/de\/wp-json\/wp\/v2\/posts\/95904\/revisions"}],"predecessor-version":[{"id":95915,"href":"https:\/\/www.hofmann-naturstein.com\/de\/wp-json\/wp\/v2\/posts\/95904\/revisions\/95915"}],"wp:attachment":[{"href":"https:\/\/www.hofmann-naturstein.com\/de\/wp-json\/wp\/v2\/media?parent=95904"}],"wp:term":[{"taxonomy":"category","embeddable":true,"href":"https:\/\/www.hofmann-naturstein.com\/de\/wp-json\/wp\/v2\/categories?post=95904"},{"taxonomy":"post_tag","embeddable":true,"href":"https:\/\/www.hofmann-naturstein.com\/de\/wp-json\/wp\/v2\/tags?post=95904"}],"curies":[{"name":"wp","href":"https:\/\/api.w.org\/{rel}","templated":true}]}}