{"id":97583,"date":"2026-01-12T14:33:58","date_gmt":"2026-01-12T13:33:58","guid":{"rendered":"https:\/\/www.hofmann-naturstein.com\/de\/news\/"},"modified":"2026-01-12T14:33:58","modified_gmt":"2026-01-12T13:33:58","slug":"twin-cubes-duesseldorf-fassade-aus-klimafreundlichem-naturstein-und-pv-modulen","status":"publish","type":"post","link":"https:\/\/www.hofmann-naturstein.com\/de\/news\/twin-cubes-duesseldorf-fassade-aus-klimafreundlichem-naturstein-und-pv-modulen\/","title":{"rendered":"Twin Cubes, D\u00fcsseldorf: Fassade aus klimafreundlichem Naturstein und PV-Modulen"},"content":{"rendered":"<p>Mit den Twin Cubes in D\u00fcsseldorf entsteht ein Ensemble aus zwei Geb\u00e4uden f\u00fcr die neue Hauptverwaltung der Deutschen R\u00fcckversicherung AG. Der Entwurf des\u00a0 enommierten Architekturb\u00fcros caspar. f\u00fcgt sich harmonisch in die Neuorientierung des Quartiers ein und setzt konsequent auf Nachhaltigkeit: So demonstrieren die Twin Cubes eindrucksvoll das Zusammenspiel aus zukunftsorientierter Energieeffizienz und \u00e4sthetischer Klarheit.<\/p>\n<p>Vor diesem Hintergrund fiel die Wahl des Fassadenmaterials auf hellen Creme Sintra Kalkstein. In Form einer vorgeh\u00e4ngten hinterl\u00fcfteten Natursteinfassade wurden \u00fcber 10.000 m2 Creme Sintra Kalkstein vom Fassadenspezialisten Hofmann Naturstein geplant, in Deutschland gefertigt und verbaut. Die geschliffene Oberfl\u00e4che verleiht dem Ensemble ein warmt\u00f6niges Erscheinungsbild.<\/p>\n<p>Die exzellente \u00d6kobilanz von Naturstein und die hohe D\u00e4mmwirkung der VHF-Konstruktion tragen wesentlich zur positiven Klimabilanz der Geb\u00e4ude bei. Ein charakteristisches Merkmal des nachhaltig konzipierten Ensembles sind die Photovoltaikelemente, die sich passgenau in die helle Kalksteinfassade einf\u00fcgen und durch eine intelligente Geb\u00e4udetechnik, begr\u00fcnte Dachfl\u00e4chen sowie ein Regenwassernutzungskonzept erg\u00e4nzt werden.<\/p>\n<p>Fotos \u00a9Marc Wiegelmann, SAINT-GOBAIN ISOVER<\/p>\n","protected":false},"excerpt":{"rendered":"<p>Mit den Twin Cubes in D\u00fcsseldorf entsteht ein Ensemble aus zwei Geb\u00e4uden f\u00fcr die neue Hauptverwaltung der Deutschen R\u00fcckversicherung AG. Der Entwurf des\u00a0 enommierten Architekturb\u00fcros caspar. f\u00fcgt sich harmonisch in die Neuorientierung des Quartiers ein und setzt konsequent auf Nachhaltigkeit: So demonstrieren die Twin Cubes eindrucksvoll das Zusammenspiel aus zukunftsorientierter Energieeffizienz und \u00e4sthetischer Klarheit. Vor [&#8230;]<\/p>\n<p><a class=\"btn btn-secondary understrap-read-more-link\" href=\"https:\/\/www.hofmann-naturstein.com\/de\/news\/twin-cubes-duesseldorf-fassade-aus-klimafreundlichem-naturstein-und-pv-modulen\/\">Weiterlesen&#8230;<\/a><\/p>\n","protected":false},"author":8,"featured_media":0,"comment_status":"closed","ping_status":"closed","sticky":false,"template":"","format":"standard","meta":{"_acf_changed":false,"footnotes":""},"categories":[1911],"tags":[],"class_list":["post-97583","post","type-post","status-publish","format-standard","hentry","category-news"],"acf":[],"yoast_head":"<!-- This site is optimized with the Yoast SEO plugin v26.5 - https:\/\/yoast.com\/wordpress\/plugins\/seo\/ -->\n<title>Twin Cubes, D\u00fcsseldorf: Fassade aus klimafreundlichem Naturstein und PV-Modulen - Vollendete Bauten mit Naturstein von HOFMANN NATURSTEIN<\/title>\n<meta name=\"robots\" content=\"index, follow, max-snippet:-1, max-image-preview:large, max-video-preview:-1\" \/>\n<link rel=\"canonical\" href=\"https:\/\/www.hofmann-naturstein.com\/de\/news\/twin-cubes-duesseldorf-fassade-aus-klimafreundlichem-naturstein-und-pv-modulen\/\" \/>\n<meta property=\"og:locale\" content=\"de_DE\" \/>\n<meta property=\"og:type\" content=\"article\" \/>\n<meta property=\"og:title\" content=\"Twin Cubes, D\u00fcsseldorf: Fassade aus klimafreundlichem Naturstein und PV-Modulen - Vollendete Bauten mit Naturstein von HOFMANN NATURSTEIN\" \/>\n<meta property=\"og:description\" content=\"Mit den Twin Cubes in D\u00fcsseldorf entsteht ein Ensemble aus zwei Geb\u00e4uden f\u00fcr die neue Hauptverwaltung der Deutschen R\u00fcckversicherung AG. Der Entwurf des\u00a0 enommierten Architekturb\u00fcros caspar. f\u00fcgt sich harmonisch in die Neuorientierung des Quartiers ein und setzt konsequent auf Nachhaltigkeit: So demonstrieren die Twin Cubes eindrucksvoll das Zusammenspiel aus zukunftsorientierter Energieeffizienz und \u00e4sthetischer Klarheit. Vor [...]Weiterlesen...\" \/>\n<meta property=\"og:url\" content=\"https:\/\/www.hofmann-naturstein.com\/de\/news\/twin-cubes-duesseldorf-fassade-aus-klimafreundlichem-naturstein-und-pv-modulen\/\" \/>\n<meta property=\"og:site_name\" content=\"Vollendete Bauten mit Naturstein von HOFMANN NATURSTEIN\" \/>\n<meta property=\"article:published_time\" content=\"2026-01-12T13:33:58+00:00\" \/>\n<meta name=\"author\" content=\"Steffi Zimmermann\" \/>\n<meta name=\"twitter:card\" content=\"summary_large_image\" \/>\n<meta name=\"twitter:label1\" content=\"Verfasst von\" \/>\n\t<meta name=\"twitter:data1\" content=\"Steffi Zimmermann\" \/>\n\t<meta name=\"twitter:label2\" content=\"Gesch\u00e4tzte Lesezeit\" \/>\n\t<meta name=\"twitter:data2\" content=\"1\u00a0Minute\" \/>\n<script type=\"application\/ld+json\" class=\"yoast-schema-graph\">{\"@context\":\"https:\/\/schema.org\",\"@graph\":[{\"@type\":\"Article\",\"@id\":\"https:\/\/www.hofmann-naturstein.com\/de\/news\/twin-cubes-duesseldorf-fassade-aus-klimafreundlichem-naturstein-und-pv-modulen\/#article\",\"isPartOf\":{\"@id\":\"https:\/\/www.hofmann-naturstein.com\/de\/news\/twin-cubes-duesseldorf-fassade-aus-klimafreundlichem-naturstein-und-pv-modulen\/\"},\"author\":{\"name\":\"Steffi Zimmermann\",\"@id\":\"https:\/\/www.hofmann-naturstein.com\/de\/#\/schema\/person\/a2d34b5ceb930963351e6d73c86068b5\"},\"headline\":\"Twin Cubes, D\u00fcsseldorf: Fassade aus klimafreundlichem Naturstein und PV-Modulen\",\"datePublished\":\"2026-01-12T13:33:58+00:00\",\"mainEntityOfPage\":{\"@id\":\"https:\/\/www.hofmann-naturstein.com\/de\/news\/twin-cubes-duesseldorf-fassade-aus-klimafreundlichem-naturstein-und-pv-modulen\/\"},\"wordCount\":179,\"publisher\":{\"@id\":\"https:\/\/www.hofmann-naturstein.com\/de\/#organization\"},\"articleSection\":[\"News\"],\"inLanguage\":\"de\"},{\"@type\":\"WebPage\",\"@id\":\"https:\/\/www.hofmann-naturstein.com\/de\/news\/twin-cubes-duesseldorf-fassade-aus-klimafreundlichem-naturstein-und-pv-modulen\/\",\"url\":\"https:\/\/www.hofmann-naturstein.com\/de\/news\/twin-cubes-duesseldorf-fassade-aus-klimafreundlichem-naturstein-und-pv-modulen\/\",\"name\":\"Twin Cubes, D\u00fcsseldorf: Fassade aus klimafreundlichem Naturstein und PV-Modulen - Vollendete Bauten mit Naturstein von HOFMANN NATURSTEIN\",\"isPartOf\":{\"@id\":\"https:\/\/www.hofmann-naturstein.com\/de\/#website\"},\"datePublished\":\"2026-01-12T13:33:58+00:00\",\"breadcrumb\":{\"@id\":\"https:\/\/www.hofmann-naturstein.com\/de\/news\/twin-cubes-duesseldorf-fassade-aus-klimafreundlichem-naturstein-und-pv-modulen\/#breadcrumb\"},\"inLanguage\":\"de\",\"potentialAction\":[{\"@type\":\"ReadAction\",\"target\":[\"https:\/\/www.hofmann-naturstein.com\/de\/news\/twin-cubes-duesseldorf-fassade-aus-klimafreundlichem-naturstein-und-pv-modulen\/\"]}]},{\"@type\":\"BreadcrumbList\",\"@id\":\"https:\/\/www.hofmann-naturstein.com\/de\/news\/twin-cubes-duesseldorf-fassade-aus-klimafreundlichem-naturstein-und-pv-modulen\/#breadcrumb\",\"itemListElement\":[{\"@type\":\"ListItem\",\"position\":1,\"name\":\"Startseite\",\"item\":\"https:\/\/www.hofmann-naturstein.com\/de\/\"},{\"@type\":\"ListItem\",\"position\":2,\"name\":\"Twin Cubes, D\u00fcsseldorf: Fassade aus klimafreundlichem Naturstein und PV-Modulen\"}]},{\"@type\":\"WebSite\",\"@id\":\"https:\/\/www.hofmann-naturstein.com\/de\/#website\",\"url\":\"https:\/\/www.hofmann-naturstein.com\/de\/\",\"name\":\"Vollendete Bauten mit Naturstein von HOFMANN NATURSTEIN\",\"description\":\"\",\"publisher\":{\"@id\":\"https:\/\/www.hofmann-naturstein.com\/de\/#organization\"},\"potentialAction\":[{\"@type\":\"SearchAction\",\"target\":{\"@type\":\"EntryPoint\",\"urlTemplate\":\"https:\/\/www.hofmann-naturstein.com\/de\/?s={search_term_string}\"},\"query-input\":{\"@type\":\"PropertyValueSpecification\",\"valueRequired\":true,\"valueName\":\"search_term_string\"}}],\"inLanguage\":\"de\"},{\"@type\":\"Organization\",\"@id\":\"https:\/\/www.hofmann-naturstein.com\/de\/#organization\",\"name\":\"Vollendete Bauten mit Naturstein von HOFMANN NATURSTEIN\",\"url\":\"https:\/\/www.hofmann-naturstein.com\/de\/\",\"logo\":{\"@type\":\"ImageObject\",\"inLanguage\":\"de\",\"@id\":\"https:\/\/www.hofmann-naturstein.com\/de\/#\/schema\/logo\/image\/\",\"url\":\"https:\/\/www.hofmann-naturstein.com\/wp-content\/uploads\/2019\/11\/cropped-hofmann-naturstein-logo.png\",\"contentUrl\":\"https:\/\/www.hofmann-naturstein.com\/wp-content\/uploads\/2019\/11\/cropped-hofmann-naturstein-logo.png\",\"width\":490,\"height\":146,\"caption\":\"Vollendete Bauten mit Naturstein von HOFMANN NATURSTEIN\"},\"image\":{\"@id\":\"https:\/\/www.hofmann-naturstein.com\/de\/#\/schema\/logo\/image\/\"}},{\"@type\":\"Person\",\"@id\":\"https:\/\/www.hofmann-naturstein.com\/de\/#\/schema\/person\/a2d34b5ceb930963351e6d73c86068b5\",\"name\":\"Steffi Zimmermann\"}]}<\/script>\n<!-- \/ Yoast SEO plugin. -->","yoast_head_json":{"title":"Twin Cubes, D\u00fcsseldorf: Fassade aus klimafreundlichem Naturstein und PV-Modulen - Vollendete Bauten mit Naturstein von HOFMANN NATURSTEIN","robots":{"index":"index","follow":"follow","max-snippet":"max-snippet:-1","max-image-preview":"max-image-preview:large","max-video-preview":"max-video-preview:-1"},"canonical":"https:\/\/www.hofmann-naturstein.com\/de\/news\/twin-cubes-duesseldorf-fassade-aus-klimafreundlichem-naturstein-und-pv-modulen\/","og_locale":"de_DE","og_type":"article","og_title":"Twin Cubes, D\u00fcsseldorf: Fassade aus klimafreundlichem Naturstein und PV-Modulen - Vollendete Bauten mit Naturstein von HOFMANN NATURSTEIN","og_description":"Mit den Twin Cubes in D\u00fcsseldorf entsteht ein Ensemble aus zwei Geb\u00e4uden f\u00fcr die neue Hauptverwaltung der Deutschen R\u00fcckversicherung AG. Der Entwurf des\u00a0 enommierten Architekturb\u00fcros caspar. f\u00fcgt sich harmonisch in die Neuorientierung des Quartiers ein und setzt konsequent auf Nachhaltigkeit: So demonstrieren die Twin Cubes eindrucksvoll das Zusammenspiel aus zukunftsorientierter Energieeffizienz und \u00e4sthetischer Klarheit. Vor [...]Weiterlesen...","og_url":"https:\/\/www.hofmann-naturstein.com\/de\/news\/twin-cubes-duesseldorf-fassade-aus-klimafreundlichem-naturstein-und-pv-modulen\/","og_site_name":"Vollendete Bauten mit Naturstein von HOFMANN NATURSTEIN","article_published_time":"2026-01-12T13:33:58+00:00","author":"Steffi Zimmermann","twitter_card":"summary_large_image","twitter_misc":{"Verfasst von":"Steffi Zimmermann","Gesch\u00e4tzte Lesezeit":"1\u00a0Minute"},"schema":{"@context":"https:\/\/schema.org","@graph":[{"@type":"Article","@id":"https:\/\/www.hofmann-naturstein.com\/de\/news\/twin-cubes-duesseldorf-fassade-aus-klimafreundlichem-naturstein-und-pv-modulen\/#article","isPartOf":{"@id":"https:\/\/www.hofmann-naturstein.com\/de\/news\/twin-cubes-duesseldorf-fassade-aus-klimafreundlichem-naturstein-und-pv-modulen\/"},"author":{"name":"Steffi Zimmermann","@id":"https:\/\/www.hofmann-naturstein.com\/de\/#\/schema\/person\/a2d34b5ceb930963351e6d73c86068b5"},"headline":"Twin Cubes, D\u00fcsseldorf: Fassade aus klimafreundlichem Naturstein und PV-Modulen","datePublished":"2026-01-12T13:33:58+00:00","mainEntityOfPage":{"@id":"https:\/\/www.hofmann-naturstein.com\/de\/news\/twin-cubes-duesseldorf-fassade-aus-klimafreundlichem-naturstein-und-pv-modulen\/"},"wordCount":179,"publisher":{"@id":"https:\/\/www.hofmann-naturstein.com\/de\/#organization"},"articleSection":["News"],"inLanguage":"de"},{"@type":"WebPage","@id":"https:\/\/www.hofmann-naturstein.com\/de\/news\/twin-cubes-duesseldorf-fassade-aus-klimafreundlichem-naturstein-und-pv-modulen\/","url":"https:\/\/www.hofmann-naturstein.com\/de\/news\/twin-cubes-duesseldorf-fassade-aus-klimafreundlichem-naturstein-und-pv-modulen\/","name":"Twin Cubes, D\u00fcsseldorf: Fassade aus klimafreundlichem Naturstein und PV-Modulen - Vollendete Bauten mit Naturstein von HOFMANN NATURSTEIN","isPartOf":{"@id":"https:\/\/www.hofmann-naturstein.com\/de\/#website"},"datePublished":"2026-01-12T13:33:58+00:00","breadcrumb":{"@id":"https:\/\/www.hofmann-naturstein.com\/de\/news\/twin-cubes-duesseldorf-fassade-aus-klimafreundlichem-naturstein-und-pv-modulen\/#breadcrumb"},"inLanguage":"de","potentialAction":[{"@type":"ReadAction","target":["https:\/\/www.hofmann-naturstein.com\/de\/news\/twin-cubes-duesseldorf-fassade-aus-klimafreundlichem-naturstein-und-pv-modulen\/"]}]},{"@type":"BreadcrumbList","@id":"https:\/\/www.hofmann-naturstein.com\/de\/news\/twin-cubes-duesseldorf-fassade-aus-klimafreundlichem-naturstein-und-pv-modulen\/#breadcrumb","itemListElement":[{"@type":"ListItem","position":1,"name":"Startseite","item":"https:\/\/www.hofmann-naturstein.com\/de\/"},{"@type":"ListItem","position":2,"name":"Twin Cubes, D\u00fcsseldorf: Fassade aus klimafreundlichem Naturstein und PV-Modulen"}]},{"@type":"WebSite","@id":"https:\/\/www.hofmann-naturstein.com\/de\/#website","url":"https:\/\/www.hofmann-naturstein.com\/de\/","name":"Vollendete Bauten mit Naturstein von HOFMANN NATURSTEIN","description":"","publisher":{"@id":"https:\/\/www.hofmann-naturstein.com\/de\/#organization"},"potentialAction":[{"@type":"SearchAction","target":{"@type":"EntryPoint","urlTemplate":"https:\/\/www.hofmann-naturstein.com\/de\/?s={search_term_string}"},"query-input":{"@type":"PropertyValueSpecification","valueRequired":true,"valueName":"search_term_string"}}],"inLanguage":"de"},{"@type":"Organization","@id":"https:\/\/www.hofmann-naturstein.com\/de\/#organization","name":"Vollendete Bauten mit Naturstein von HOFMANN NATURSTEIN","url":"https:\/\/www.hofmann-naturstein.com\/de\/","logo":{"@type":"ImageObject","inLanguage":"de","@id":"https:\/\/www.hofmann-naturstein.com\/de\/#\/schema\/logo\/image\/","url":"https:\/\/www.hofmann-naturstein.com\/wp-content\/uploads\/2019\/11\/cropped-hofmann-naturstein-logo.png","contentUrl":"https:\/\/www.hofmann-naturstein.com\/wp-content\/uploads\/2019\/11\/cropped-hofmann-naturstein-logo.png","width":490,"height":146,"caption":"Vollendete Bauten mit Naturstein von HOFMANN NATURSTEIN"},"image":{"@id":"https:\/\/www.hofmann-naturstein.com\/de\/#\/schema\/logo\/image\/"}},{"@type":"Person","@id":"https:\/\/www.hofmann-naturstein.com\/de\/#\/schema\/person\/a2d34b5ceb930963351e6d73c86068b5","name":"Steffi Zimmermann"}]}},"_links":{"self":[{"href":"https:\/\/www.hofmann-naturstein.com\/de\/wp-json\/wp\/v2\/posts\/97583","targetHints":{"allow":["GET"]}}],"collection":[{"href":"https:\/\/www.hofmann-naturstein.com\/de\/wp-json\/wp\/v2\/posts"}],"about":[{"href":"https:\/\/www.hofmann-naturstein.com\/de\/wp-json\/wp\/v2\/types\/post"}],"author":[{"embeddable":true,"href":"https:\/\/www.hofmann-naturstein.com\/de\/wp-json\/wp\/v2\/users\/8"}],"replies":[{"embeddable":true,"href":"https:\/\/www.hofmann-naturstein.com\/de\/wp-json\/wp\/v2\/comments?post=97583"}],"version-history":[{"count":1,"href":"https:\/\/www.hofmann-naturstein.com\/de\/wp-json\/wp\/v2\/posts\/97583\/revisions"}],"predecessor-version":[{"id":97588,"href":"https:\/\/www.hofmann-naturstein.com\/de\/wp-json\/wp\/v2\/posts\/97583\/revisions\/97588"}],"wp:attachment":[{"href":"https:\/\/www.hofmann-naturstein.com\/de\/wp-json\/wp\/v2\/media?parent=97583"}],"wp:term":[{"taxonomy":"category","embeddable":true,"href":"https:\/\/www.hofmann-naturstein.com\/de\/wp-json\/wp\/v2\/categories?post=97583"},{"taxonomy":"post_tag","embeddable":true,"href":"https:\/\/www.hofmann-naturstein.com\/de\/wp-json\/wp\/v2\/tags?post=97583"}],"curies":[{"name":"wp","href":"https:\/\/api.w.org\/{rel}","templated":true}]}}